{"id":166,"date":"2017-02-10T11:08:48","date_gmt":"2017-02-10T11:08:48","guid":{"rendered":"http:\/\/cspcervaes.pt\/?p=166"},"modified":"2017-02-10T11:09:44","modified_gmt":"2017-02-10T11:09:44","slug":"baile-de-mascaras-senior","status":"publish","type":"post","link":"https:\/\/cspcervaes.pt\/?p=166","title":{"rendered":"Baile de Mascaras S\u00e9nior"},"content":{"rendered":"<p>Baile de Mascaras S\u00e9nior organizado pelo Centro Social e Paroquial de Cerv\u00e3es com o apoio da Rede Social do Munic\u00edpio de Vila Verde e IPSS de Vila Verde.<br \/>\n<img loading=\"lazy\" decoding=\"async\" class=\"alignnone wp-image-167 size-large\" src=\"http:\/\/cspcervaes.pt\/wp-content\/uploads\/2017\/02\/FLYER-722x1024.jpg\" width=\"722\" height=\"1024\" srcset=\"https:\/\/cspcervaes.pt\/wp-content\/uploads\/2017\/02\/FLYER-722x1024.jpg 722w, https:\/\/cspcervaes.pt\/wp-content\/uploads\/2017\/02\/FLYER-211x300.jpg 211w, https:\/\/cspcervaes.pt\/wp-content\/uploads\/2017\/02\/FLYER-768x1090.jpg 768w, https:\/\/cspcervaes.pt\/wp-content\/uploads\/2017\/02\/FLYER.jpg 1748w\" sizes=\"(max-width: 722px) 100vw, 722px\" \/><\/p>\n","protected":false},"excerpt":{"rendered":"<p>Baile de Mascaras S\u00e9nior organizado pelo Centro Social e Paroquial de Cerv\u00e3es com o apoio da Rede Social do Munic\u00edpio de Vila Verde e IPSS de Vila Verde.<\/p>\n","protected":false},"author":1,"featured_media":167,"comment_status":"open","ping_status":"open","sticky":false,"template":"","format":"standard","meta":{"footnotes":""},"categories":[1],"tags":[11,10,9,7,12,8],"_links":{"self":[{"href":"https:\/\/cspcervaes.pt\/index.php?rest_route=\/wp\/v2\/posts\/166"}],"collection":[{"href":"https:\/\/cspcervaes.pt\/index.php?rest_route=\/wp\/v2\/posts"}],"about":[{"href":"https:\/\/cspcervaes.pt\/index.php?rest_route=\/wp\/v2\/types\/post"}],"author":[{"embeddable":true,"href":"https:\/\/cspcervaes.pt\/index.php?rest_route=\/wp\/v2\/users\/1"}],"replies":[{"embeddable":true,"href":"https:\/\/cspcervaes.pt\/index.php?rest_route=%2Fwp%2Fv2%2Fcomments&post=166"}],"version-history":[{"count":2,"href":"https:\/\/cspcervaes.pt\/index.php?rest_route=\/wp\/v2\/posts\/166\/revisions"}],"predecessor-version":[{"id":170,"href":"https:\/\/cspcervaes.pt\/index.php?rest_route=\/wp\/v2\/posts\/166\/revisions\/170"}],"wp:featuredmedia":[{"embeddable":true,"href":"https:\/\/cspcervaes.pt\/index.php?rest_route=\/wp\/v2\/media\/167"}],"wp:attachment":[{"href":"https:\/\/cspcervaes.pt\/index.php?rest_route=%2Fwp%2Fv2%2Fmedia&parent=166"}],"wp:term":[{"taxonomy":"category","embeddable":true,"href":"https:\/\/cspcervaes.pt\/index.php?rest_route=%2Fwp%2Fv2%2Fcategories&post=166"},{"taxonomy":"post_tag","embeddable":true,"href":"https:\/\/cspcervaes.pt\/index.php?rest_route=%2Fwp%2Fv2%2Ftags&post=166"}],"curies":[{"name":"wp","href":"https:\/\/api.w.org\/{rel}","templated":true}]}}