{"id":178,"date":"2017-02-27T22:58:19","date_gmt":"2017-02-27T22:58:19","guid":{"rendered":"http:\/\/cspcervaes.pt\/?p=178"},"modified":"2017-03-16T23:02:25","modified_gmt":"2017-03-16T23:02:25","slug":"baile-de-mascaras-senior-com-mais-de-300-folioes-seniores","status":"publish","type":"post","link":"https:\/\/cspcervaes.pt\/?p=178","title":{"rendered":"Baile de M\u00e1scaras S\u00e9nior com mais de 300 foli\u00f5es seniores&#8230;"},"content":{"rendered":"<p>No dia 24 de Fevereiro realizou-se mais uma vez o Baile de M\u00e1scaras S\u00e9nior, uma atividade organizada pelo Centro Social Paroquial de Cerv\u00e3es, Rede Social, IPSS\u2019s do concelho e programa Seniores Ativo.<br \/>\nNo sal\u00e3o paroquial de Cerv\u00e3es estiveram cerca de 300 foli\u00f5es seniores de v\u00e1rias zonas do concelho. O concurso de m\u00e1scaras teve como vencedores o Centro Social de Cerv\u00e3es, que apresentaram as suas fantasias todas produzidas a partir da reutiliza\u00e7\u00e3o de materiais; o segundo pr\u00e9mio foi atribu\u00eddo \u00e0 Casa do Povo de Ribeira do Neiva, que trouxeram o Pre\u00e7o Certo; e em terceiro ficou a Casa do Povo de Picos de Regalados com as suas Ovelhas Chon\u00e9s.<br \/>\nFoi uma tarde muito divertida e bem passada, que contou ainda com a presen\u00e7a do Sr. Presidente da C\u00e2mara, a Sr\u00aa Vereadora da Educa\u00e7\u00e3o Cultura e A\u00e7\u00e3o Social e o Sr. Presidente da Junta de Cerv\u00e3es.<\/p>\n","protected":false},"excerpt":{"rendered":"<p>No dia 24 de Fevereiro realizou-se mais uma vez o Baile de M\u00e1scaras S\u00e9nior, uma atividade organizada pelo Centro Social Paroquial de Cerv\u00e3es, Rede Social, IPSS\u2019s do concelho e programa Seniores Ativo. No sal\u00e3o paroquial de Cerv\u00e3es estiveram cerca de 300 foli\u00f5es seniores de v\u00e1rias zonas do concelho. O concurso de m\u00e1scaras teve como vencedores [&hellip;]<\/p>\n","protected":false},"author":1,"featured_media":179,"comment_status":"open","ping_status":"open","sticky":false,"template":"","format":"standard","meta":{"footnotes":""},"categories":[1],"tags":[11,10,9,7,12,8],"_links":{"self":[{"href":"https:\/\/cspcervaes.pt\/index.php?rest_route=\/wp\/v2\/posts\/178"}],"collection":[{"href":"https:\/\/cspcervaes.pt\/index.php?rest_route=\/wp\/v2\/posts"}],"about":[{"href":"https:\/\/cspcervaes.pt\/index.php?rest_route=\/wp\/v2\/types\/post"}],"author":[{"embeddable":true,"href":"https:\/\/cspcervaes.pt\/index.php?rest_route=\/wp\/v2\/users\/1"}],"replies":[{"embeddable":true,"href":"https:\/\/cspcervaes.pt\/index.php?rest_route=%2Fwp%2Fv2%2Fcomments&post=178"}],"version-history":[{"count":1,"href":"https:\/\/cspcervaes.pt\/index.php?rest_route=\/wp\/v2\/posts\/178\/revisions"}],"predecessor-version":[{"id":180,"href":"https:\/\/cspcervaes.pt\/index.php?rest_route=\/wp\/v2\/posts\/178\/revisions\/180"}],"wp:featuredmedia":[{"embeddable":true,"href":"https:\/\/cspcervaes.pt\/index.php?rest_route=\/wp\/v2\/media\/179"}],"wp:attachment":[{"href":"https:\/\/cspcervaes.pt\/index.php?rest_route=%2Fwp%2Fv2%2Fmedia&parent=178"}],"wp:term":[{"taxonomy":"category","embeddable":true,"href":"https:\/\/cspcervaes.pt\/index.php?rest_route=%2Fwp%2Fv2%2Fcategories&post=178"},{"taxonomy":"post_tag","embeddable":true,"href":"https:\/\/cspcervaes.pt\/index.php?rest_route=%2Fwp%2Fv2%2Ftags&post=178"}],"curies":[{"name":"wp","href":"https:\/\/api.w.org\/{rel}","templated":true}]}}