{"id":193,"date":"2017-08-31T15:30:44","date_gmt":"2017-08-31T15:30:44","guid":{"rendered":"http:\/\/cspcervaes.pt\/?p=193"},"modified":"2017-08-31T15:30:44","modified_gmt":"2017-08-31T15:30:44","slug":"informacao-atl-prolongamento-do-jardim-de-infancia","status":"publish","type":"post","link":"https:\/\/cspcervaes.pt\/?p=193","title":{"rendered":"Informa\u00e7\u00e3o &#8211; ATL \/ Prolongamento do Jardim de Inf\u00e2ncia"},"content":{"rendered":"<p><strong>ATL \/ Prolongamento do Jardim de Inf\u00e2ncia<\/strong><br \/>\nAbre a 1 de Setembro<br \/>\nDas 7.30-19.00<br \/>\n<strong>Inscri\u00e7\u00e3o obrigat\u00f3ria para a frequ\u00eancia<\/strong><br \/>\nReuni\u00e3o de pais: data a definir<\/p>\n<p><img loading=\"lazy\" decoding=\"async\" class=\"alignnone size-large wp-image-194\" src=\"http:\/\/cspcervaes.pt\/wp-content\/uploads\/2017\/08\/atl-1024x512.png\" alt=\"\" width=\"790\" height=\"395\" srcset=\"https:\/\/cspcervaes.pt\/wp-content\/uploads\/2017\/08\/atl-1024x512.png 1024w, https:\/\/cspcervaes.pt\/wp-content\/uploads\/2017\/08\/atl-300x150.png 300w, https:\/\/cspcervaes.pt\/wp-content\/uploads\/2017\/08\/atl-768x384.png 768w, https:\/\/cspcervaes.pt\/wp-content\/uploads\/2017\/08\/atl.png 2000w\" sizes=\"(max-width: 790px) 100vw, 790px\" \/><\/p>\n","protected":false},"excerpt":{"rendered":"<p>ATL \/ Prolongamento do Jardim de Inf\u00e2ncia Abre a 1 de Setembro Das 7.30-19.00 Inscri\u00e7\u00e3o obrigat\u00f3ria para a frequ\u00eancia Reuni\u00e3o de pais: data a definir<\/p>\n","protected":false},"author":1,"featured_media":194,"comment_status":"open","ping_status":"open","sticky":false,"template":"","format":"standard","meta":{"footnotes":""},"categories":[1],"tags":[18,9,16,17,19,8],"_links":{"self":[{"href":"https:\/\/cspcervaes.pt\/index.php?rest_route=\/wp\/v2\/posts\/193"}],"collection":[{"href":"https:\/\/cspcervaes.pt\/index.php?rest_route=\/wp\/v2\/posts"}],"about":[{"href":"https:\/\/cspcervaes.pt\/index.php?rest_route=\/wp\/v2\/types\/post"}],"author":[{"embeddable":true,"href":"https:\/\/cspcervaes.pt\/index.php?rest_route=\/wp\/v2\/users\/1"}],"replies":[{"embeddable":true,"href":"https:\/\/cspcervaes.pt\/index.php?rest_route=%2Fwp%2Fv2%2Fcomments&post=193"}],"version-history":[{"count":1,"href":"https:\/\/cspcervaes.pt\/index.php?rest_route=\/wp\/v2\/posts\/193\/revisions"}],"predecessor-version":[{"id":195,"href":"https:\/\/cspcervaes.pt\/index.php?rest_route=\/wp\/v2\/posts\/193\/revisions\/195"}],"wp:featuredmedia":[{"embeddable":true,"href":"https:\/\/cspcervaes.pt\/index.php?rest_route=\/wp\/v2\/media\/194"}],"wp:attachment":[{"href":"https:\/\/cspcervaes.pt\/index.php?rest_route=%2Fwp%2Fv2%2Fmedia&parent=193"}],"wp:term":[{"taxonomy":"category","embeddable":true,"href":"https:\/\/cspcervaes.pt\/index.php?rest_route=%2Fwp%2Fv2%2Fcategories&post=193"},{"taxonomy":"post_tag","embeddable":true,"href":"https:\/\/cspcervaes.pt\/index.php?rest_route=%2Fwp%2Fv2%2Ftags&post=193"}],"curies":[{"name":"wp","href":"https:\/\/api.w.org\/{rel}","templated":true}]}}