{"id":198,"date":"2017-11-30T12:37:44","date_gmt":"2017-11-30T12:37:44","guid":{"rendered":"http:\/\/cspcervaes.pt\/?p=198"},"modified":"2017-11-30T12:37:44","modified_gmt":"2017-11-30T12:37:44","slug":"festa-de-natal-2017","status":"publish","type":"post","link":"https:\/\/cspcervaes.pt\/?p=198","title":{"rendered":"Festa de Natal 2017"},"content":{"rendered":"<p>Apresentamos aqui o programa para a nossa festa de natal.<\/p>\n<p>PROGRAMA:<br \/>\n10.30 \u2013 Missa de Natal<br \/>\n12.00 \u2013 Almo\u00e7o \u201ct\u00edpico\u201d<br \/>\n14.30 \u2013 Anima\u00e7\u00e3o<\/p>\n<p>Pre\u00e7o almo\u00e7o: 8 \u20ac (adulto) As crian\u00e7as n\u00e3o pagam.<br \/>\nInscri\u00e7\u00f5es: at\u00e9 ao dia 13 de Dezembro, no\u00a0<a href=\"https:\/\/business.facebook.com\/cspcervaes\/\" data-hovercard=\"\/ajax\/hovercard\/page.php?id=1706081442985452&amp;extragetparams=%7B%22directed_target_id%22%3A2067667293502499%7D\" data-hovercard-prefer-more-content-show=\"1\">Centro Social Paroquial de Cerv\u00e3es<\/a>.<\/p>\n<p>Informa\u00e7\u00e3o: quem vier almo\u00e7ar tem de trazer: copo, prato e talheres, e uma sobremesa para partilhar.<\/p>\n<p>&nbsp;<\/p>\n<p><img loading=\"lazy\" decoding=\"async\" class=\"alignnone size-large wp-image-200\" src=\"http:\/\/cspcervaes.pt\/wp-content\/uploads\/2017\/11\/festa-de-natal-724x1024.jpg\" alt=\"\" width=\"724\" height=\"1024\" srcset=\"https:\/\/cspcervaes.pt\/wp-content\/uploads\/2017\/11\/festa-de-natal-724x1024.jpg 724w, https:\/\/cspcervaes.pt\/wp-content\/uploads\/2017\/11\/festa-de-natal-212x300.jpg 212w, https:\/\/cspcervaes.pt\/wp-content\/uploads\/2017\/11\/festa-de-natal-768x1086.jpg 768w\" sizes=\"(max-width: 724px) 100vw, 724px\" \/><\/p>\n","protected":false},"excerpt":{"rendered":"<p>Apresentamos aqui o programa para a nossa festa de natal. PROGRAMA: 10.30 \u2013 Missa de Natal 12.00 \u2013 Almo\u00e7o \u201ct\u00edpico\u201d 14.30 \u2013 Anima\u00e7\u00e3o Pre\u00e7o almo\u00e7o: 8 \u20ac (adulto) As crian\u00e7as n\u00e3o pagam. Inscri\u00e7\u00f5es: at\u00e9 ao dia 13 de Dezembro, no\u00a0Centro Social Paroquial de Cerv\u00e3es. Informa\u00e7\u00e3o: quem vier almo\u00e7ar tem de trazer: copo, prato e talheres, [&hellip;]<\/p>\n","protected":false},"author":1,"featured_media":199,"comment_status":"open","ping_status":"open","sticky":false,"template":"","format":"standard","meta":{"footnotes":""},"categories":[1],"tags":[22,23,9,21,20],"_links":{"self":[{"href":"https:\/\/cspcervaes.pt\/index.php?rest_route=\/wp\/v2\/posts\/198"}],"collection":[{"href":"https:\/\/cspcervaes.pt\/index.php?rest_route=\/wp\/v2\/posts"}],"about":[{"href":"https:\/\/cspcervaes.pt\/index.php?rest_route=\/wp\/v2\/types\/post"}],"author":[{"embeddable":true,"href":"https:\/\/cspcervaes.pt\/index.php?rest_route=\/wp\/v2\/users\/1"}],"replies":[{"embeddable":true,"href":"https:\/\/cspcervaes.pt\/index.php?rest_route=%2Fwp%2Fv2%2Fcomments&post=198"}],"version-history":[{"count":1,"href":"https:\/\/cspcervaes.pt\/index.php?rest_route=\/wp\/v2\/posts\/198\/revisions"}],"predecessor-version":[{"id":201,"href":"https:\/\/cspcervaes.pt\/index.php?rest_route=\/wp\/v2\/posts\/198\/revisions\/201"}],"wp:featuredmedia":[{"embeddable":true,"href":"https:\/\/cspcervaes.pt\/index.php?rest_route=\/wp\/v2\/media\/199"}],"wp:attachment":[{"href":"https:\/\/cspcervaes.pt\/index.php?rest_route=%2Fwp%2Fv2%2Fmedia&parent=198"}],"wp:term":[{"taxonomy":"category","embeddable":true,"href":"https:\/\/cspcervaes.pt\/index.php?rest_route=%2Fwp%2Fv2%2Fcategories&post=198"},{"taxonomy":"post_tag","embeddable":true,"href":"https:\/\/cspcervaes.pt\/index.php?rest_route=%2Fwp%2Fv2%2Ftags&post=198"}],"curies":[{"name":"wp","href":"https:\/\/api.w.org\/{rel}","templated":true}]}}