{"id":316,"date":"2024-12-11T12:37:18","date_gmt":"2024-12-11T12:37:18","guid":{"rendered":"https:\/\/cspcervaes.pt\/?p=316"},"modified":"2024-12-11T12:39:47","modified_gmt":"2024-12-11T12:39:47","slug":"festa-de-natal-2024","status":"publish","type":"post","link":"https:\/\/cspcervaes.pt\/?p=316","title":{"rendered":"Festa de Natal 2024"},"content":{"rendered":"<p><img loading=\"lazy\" decoding=\"async\" class=\"alignnone size-large wp-image-317\" src=\"https:\/\/cspcervaes.pt\/wp-content\/uploads\/2024\/12\/469329023_972199878282078_4161686811589309082_n-726x1024.jpg\" alt=\"\" width=\"726\" height=\"1024\" srcset=\"https:\/\/cspcervaes.pt\/wp-content\/uploads\/2024\/12\/469329023_972199878282078_4161686811589309082_n-726x1024.jpg 726w, https:\/\/cspcervaes.pt\/wp-content\/uploads\/2024\/12\/469329023_972199878282078_4161686811589309082_n-213x300.jpg 213w, https:\/\/cspcervaes.pt\/wp-content\/uploads\/2024\/12\/469329023_972199878282078_4161686811589309082_n-768x1083.jpg 768w, https:\/\/cspcervaes.pt\/wp-content\/uploads\/2024\/12\/469329023_972199878282078_4161686811589309082_n-1090x1536.jpg 1090w, https:\/\/cspcervaes.pt\/wp-content\/uploads\/2024\/12\/469329023_972199878282078_4161686811589309082_n.jpg 1240w\" sizes=\"(max-width: 726px) 100vw, 726px\" \/><\/p>\n<p>Apresentamos aqui o programa para a nossa festa de natal.<\/p>\n<p>O Centro Social Paroquial de Cerv\u00e3es, est\u00e1 a promover uma a\u00e7\u00e3o especial neste Natal em colabora\u00e7\u00e3o com a miss\u00e3o dos Doutores Palha\u00e7os. Atrav\u00e9s desta a\u00e7\u00e3o, est\u00e3o \u00e0 venda narizes vermelhos de palha\u00e7o, que s\u00e3o adquiridos pelos utentes e depois colocados no pinheiro de Natal.<\/p>\n<p>\u201cEsta \u00e9 uma forma criativa de apoiar a causa dos Doutores Palha\u00e7os, que levam alegria e conforto a crian\u00e7as e adultos hospitalizados, al\u00e9m de promover o esp\u00edrito natal\u00edcio e a solidariedade na comunidade. Ao participar, todos contribuem para levar um sorriso a quem mais precisa neste per\u00edodo festivo\u201d, refere o Centro Social.<\/p>\n<p>O pinheiro de Natal, decorado com os narizes vermelhos de palha\u00e7o adquiridos pelos utentes, est\u00e1 em exposi\u00e7\u00e3o no Sal\u00e3o Paroquial. Este pinheiro ser\u00e1 uma das atra\u00e7\u00f5es da Festa de Natal, que acontecer\u00e1 no dia 14 de dezembro.<\/p>\n<p>\u201cA exposi\u00e7\u00e3o do pinheiro simboliza o esp\u00edrito de solidariedade e alegria que envolve a miss\u00e3o dos Doutores Palha\u00e7os, e todos os presentes na festa poder\u00e3o admirar a \u00e1rvore enquanto celebram esta \u00e9poca festiva. \u00c9 uma oportunidade para fortalecer a uni\u00e3o e a contribui\u00e7\u00e3o para causas nobres, ao mesmo tempo que se celebra o Natal com a comunidade\u201d, enaltece a institui\u00e7\u00e3o.<\/p>\n<p>No dia 14, a Festa de Natal ter\u00e1 a seguinte programa\u00e7\u00e3o:<\/p>\n<ul>\n<li>11h30 \u2013 Eucaristia<\/li>\n<li>12h30 \u2013 Almo\u00e7o de Natal\/ Ceia dos idosos (para utentes do servi\u00e7o de apoio domicili\u00e1rio e idosos da freguesia)<\/li>\n<li>15h00 \u2013 Tarde recreativa com atua\u00e7\u00e3o de todas as val\u00eancias do Centro Social Paroquial de Cerv\u00e3es.<\/li>\n<\/ul>\n","protected":false},"excerpt":{"rendered":"<p>Apresentamos aqui o programa para a nossa festa de natal. O Centro Social Paroquial de Cerv\u00e3es, est\u00e1 a promover uma a\u00e7\u00e3o especial neste Natal em colabora\u00e7\u00e3o com a miss\u00e3o dos Doutores Palha\u00e7os. Atrav\u00e9s desta a\u00e7\u00e3o, est\u00e3o \u00e0 venda narizes vermelhos de palha\u00e7o, que s\u00e3o adquiridos pelos utentes e depois colocados no pinheiro de Natal. \u201cEsta [&hellip;]<\/p>\n","protected":false},"author":1,"featured_media":317,"comment_status":"open","ping_status":"open","sticky":false,"template":"","format":"standard","meta":{"footnotes":""},"categories":[1],"tags":[],"_links":{"self":[{"href":"https:\/\/cspcervaes.pt\/index.php?rest_route=\/wp\/v2\/posts\/316"}],"collection":[{"href":"https:\/\/cspcervaes.pt\/index.php?rest_route=\/wp\/v2\/posts"}],"about":[{"href":"https:\/\/cspcervaes.pt\/index.php?rest_route=\/wp\/v2\/types\/post"}],"author":[{"embeddable":true,"href":"https:\/\/cspcervaes.pt\/index.php?rest_route=\/wp\/v2\/users\/1"}],"replies":[{"embeddable":true,"href":"https:\/\/cspcervaes.pt\/index.php?rest_route=%2Fwp%2Fv2%2Fcomments&post=316"}],"version-history":[{"count":3,"href":"https:\/\/cspcervaes.pt\/index.php?rest_route=\/wp\/v2\/posts\/316\/revisions"}],"predecessor-version":[{"id":320,"href":"https:\/\/cspcervaes.pt\/index.php?rest_route=\/wp\/v2\/posts\/316\/revisions\/320"}],"wp:featuredmedia":[{"embeddable":true,"href":"https:\/\/cspcervaes.pt\/index.php?rest_route=\/wp\/v2\/media\/317"}],"wp:attachment":[{"href":"https:\/\/cspcervaes.pt\/index.php?rest_route=%2Fwp%2Fv2%2Fmedia&parent=316"}],"wp:term":[{"taxonomy":"category","embeddable":true,"href":"https:\/\/cspcervaes.pt\/index.php?rest_route=%2Fwp%2Fv2%2Fcategories&post=316"},{"taxonomy":"post_tag","embeddable":true,"href":"https:\/\/cspcervaes.pt\/index.php?rest_route=%2Fwp%2Fv2%2Ftags&post=316"}],"curies":[{"name":"wp","href":"https:\/\/api.w.org\/{rel}","templated":true}]}}